{"id":182,"date":"2020-05-26T18:16:53","date_gmt":"2020-05-26T16:16:53","guid":{"rendered":"https:\/\/www.audeux.eu\/?p=182"},"modified":"2020-05-26T18:16:53","modified_gmt":"2020-05-26T16:16:53","slug":"distribution-des-masques-tissu","status":"publish","type":"post","link":"https:\/\/www.audeux.eu\/index.php\/2020\/05\/26\/distribution-des-masques-tissu\/","title":{"rendered":"Distribution des masques tissu"},"content":{"rendered":"\n<p>Comme nous vous l\u2019avions annonc\u00e9 il y a une quinzaine de jours\u00a0: apr\u00e8s nous avoir fourni 2 masques jetables par personne, le Grand Besan\u00e7on M\u00e9tropole dote tous les habitants de son territoire de 2 masques lavables en tissu.<\/p>\n\n\n\n<p class=\"has-text-align-center\"><strong>Modalit\u00e9 de distribution des masques tissu<\/strong><\/p>\n\n\n\n<p class=\"has-text-align-center\"><strong>Samedi 30 mai 2020<br><\/strong>10 h-12 h<br>16 h-18 h<\/p>\n\n\n\n<p class=\"has-text-align-center\"><strong>Un stand sera mont\u00e9 devant la mairie pour vous accueillir<br>Munissez-vous de votre carte d\u2019identit\u00e9 et de celle des autres occupants de votre domicile.<br>Les masques ne sont pas adapt\u00e9s aux enfants de moins de 6 ans.<\/strong><\/p>\n\n\n\n<p class=\"has-text-align-center\">Si vous ne pouvez ou ne d\u00e9sirez pas vous d\u00e9placer, contactez nous afin<br>qu\u2019un conseiller vous apporte vos masques<br>06 03 36 77 38<br><a href=\"mailto:Commune.audeux@orange.fr\">Commune.audeux@orange.fr<\/a><\/p>\n\n\n\n<div class=\"wp-block-image\"><figure class=\"aligncenter size-large\"><img loading=\"lazy\" width=\"570\" height=\"830\" src=\"https:\/\/www.audeux.eu\/wp-content\/uploads\/2020\/05\/SKM_22720052616410.png\" alt=\"\" class=\"wp-image-183\" srcset=\"https:\/\/www.audeux.eu\/wp-content\/uploads\/2020\/05\/SKM_22720052616410.png 570w, https:\/\/www.audeux.eu\/wp-content\/uploads\/2020\/05\/SKM_22720052616410-206x300.png 206w\" sizes=\"(max-width: 570px) 100vw, 570px\" \/><\/figure><\/div>\n","protected":false},"excerpt":{"rendered":"<p>Comme nous vous l\u2019avions annonc\u00e9 il y a une quinzaine de jours\u00a0: apr\u00e8s nous avoir fourni 2 masques jetables par personne, le Grand Besan\u00e7on M\u00e9tropole dote tous les habitants de son territoire de 2 masques lavables en tissu. Modalit\u00e9 de distribution des masques tissu Samedi 30 mai 202010 h-12 h16 h-18 h Un stand sera &hellip; <\/p>\n<p class=\"link-more\"><a href=\"https:\/\/www.audeux.eu\/index.php\/2020\/05\/26\/distribution-des-masques-tissu\/\" class=\"more-link\">Continuer la lecture<span class=\"screen-reader-text\"> de &laquo;&nbsp;Distribution des masques tissu&nbsp;&raquo;<\/span><\/a><\/p>\n","protected":false},"author":3,"featured_media":0,"comment_status":"closed","ping_status":"open","sticky":false,"template":"","format":"standard","meta":[],"categories":[7,6],"tags":[],"post_folder":[],"_links":{"self":[{"href":"https:\/\/www.audeux.eu\/index.php\/wp-json\/wp\/v2\/posts\/182"}],"collection":[{"href":"https:\/\/www.audeux.eu\/index.php\/wp-json\/wp\/v2\/posts"}],"about":[{"href":"https:\/\/www.audeux.eu\/index.php\/wp-json\/wp\/v2\/types\/post"}],"author":[{"embeddable":true,"href":"https:\/\/www.audeux.eu\/index.php\/wp-json\/wp\/v2\/users\/3"}],"replies":[{"embeddable":true,"href":"https:\/\/www.audeux.eu\/index.php\/wp-json\/wp\/v2\/comments?post=182"}],"version-history":[{"count":1,"href":"https:\/\/www.audeux.eu\/index.php\/wp-json\/wp\/v2\/posts\/182\/revisions"}],"predecessor-version":[{"id":184,"href":"https:\/\/www.audeux.eu\/index.php\/wp-json\/wp\/v2\/posts\/182\/revisions\/184"}],"wp:attachment":[{"href":"https:\/\/www.audeux.eu\/index.php\/wp-json\/wp\/v2\/media?parent=182"}],"wp:term":[{"taxonomy":"category","embeddable":true,"href":"https:\/\/www.audeux.eu\/index.php\/wp-json\/wp\/v2\/categories?post=182"},{"taxonomy":"post_tag","embeddable":true,"href":"https:\/\/www.audeux.eu\/index.php\/wp-json\/wp\/v2\/tags?post=182"},{"taxonomy":"post_folder","embeddable":true,"href":"https:\/\/www.audeux.eu\/index.php\/wp-json\/wp\/v2\/post_folder?post=182"}],"curies":[{"name":"wp","href":"https:\/\/api.w.org\/{rel}","templated":true}]}}