{"id":232,"date":"2020-10-20T18:50:33","date_gmt":"2020-10-20T16:50:33","guid":{"rendered":"https:\/\/www.audeux.eu\/?p=232"},"modified":"2020-10-20T19:54:58","modified_gmt":"2020-10-20T17:54:58","slug":"samedi-24-octobre-vente-de-fleurs-de-saison","status":"publish","type":"post","link":"https:\/\/www.audeux.eu\/index.php\/2020\/10\/20\/samedi-24-octobre-vente-de-fleurs-de-saison\/","title":{"rendered":"Samedi 24 octobre &#8211; Vente de fleurs de saison"},"content":{"rendered":"\n<h2>Au pied de l&rsquo;\u00e9glise \u00e0 partir de <strong>15h <\/strong>:<br><\/h2>\n\n\n\n<p class=\"has-text-align-center\">ventre de fleurs de saison (pens\u00e9e, chrysanth\u00e8mes, &#8230;) par l&rsquo;horticulteur <br>KNAB Christian d&rsquo;Hugier (70)<\/p>\n\n\n\n<figure class=\"wp-block-gallery columns-1 is-cropped\"><ul class=\"blocks-gallery-grid\"><li class=\"blocks-gallery-item\"><figure><img loading=\"lazy\" width=\"1024\" height=\"363\" src=\"https:\/\/www.audeux.eu\/wp-content\/uploads\/2020\/10\/fleurs-1024x363.jpg\" alt=\"fleurs\" data-id=\"233\" data-full-url=\"https:\/\/www.audeux.eu\/wp-content\/uploads\/2020\/10\/fleurs.jpg\" data-link=\"https:\/\/www.audeux.eu\/?attachment_id=233\" class=\"wp-image-233\" srcset=\"https:\/\/www.audeux.eu\/wp-content\/uploads\/2020\/10\/fleurs-1024x363.jpg 1024w, https:\/\/www.audeux.eu\/wp-content\/uploads\/2020\/10\/fleurs-300x106.jpg 300w, https:\/\/www.audeux.eu\/wp-content\/uploads\/2020\/10\/fleurs-768x272.jpg 768w, https:\/\/www.audeux.eu\/wp-content\/uploads\/2020\/10\/fleurs.jpg 1446w\" sizes=\"(max-width: 706px) 89vw, (max-width: 767px) 82vw, 740px\" \/><\/figure><\/li><\/ul><\/figure>\n\n\n\n<div class=\"wp-block-media-text alignwide has-media-on-the-right is-stacked-on-mobile\" style=\"grid-template-columns:auto 21%\"><figure class=\"wp-block-media-text__media\"><img loading=\"lazy\" width=\"300\" height=\"300\" src=\"https:\/\/www.audeux.eu\/wp-content\/uploads\/2020\/10\/logo_telethon.jpg\" alt=\"t\u00e9l\u00e9thon\" class=\"wp-image-234\" srcset=\"https:\/\/www.audeux.eu\/wp-content\/uploads\/2020\/10\/logo_telethon.jpg 300w, https:\/\/www.audeux.eu\/wp-content\/uploads\/2020\/10\/logo_telethon-150x150.jpg 150w, https:\/\/www.audeux.eu\/wp-content\/uploads\/2020\/10\/logo_telethon-100x100.jpg 100w\" sizes=\"(max-width: 300px) 100vw, 300px\" \/><\/figure><div class=\"wp-block-media-text__content\">\n<p>Par la m\u00eame occasion, quelques stands seront pr\u00e9sents :<br>le <strong>Club des anciens<\/strong> qui vendra un calendrier 2021 sur le th\u00e8me d&rsquo;Audeux d&rsquo;antan au profit du T\u00e9l\u00e9thon<\/p>\n<\/div><\/div>\n\n\n\n<div class=\"wp-block-media-text alignwide is-stacked-on-mobile\" style=\"grid-template-columns:21% auto\"><figure class=\"wp-block-media-text__media\"><img loading=\"lazy\" width=\"209\" height=\"200\" src=\"https:\/\/www.audeux.eu\/wp-content\/uploads\/2020\/10\/asunoes.jpg\" alt=\"asunoes\" class=\"wp-image-235\"\/><\/figure><div class=\"wp-block-media-text__content\">\n<p>L&rsquo;assocaion <strong>ASUNOES-France <\/strong>de Chaucenne pour la promotion et d\u00e9fense des droits des sourds<\/p>\n<\/div><\/div>\n\n\n\n<p>et de nombreux stands artisanaux &#8230;<\/p>\n","protected":false},"excerpt":{"rendered":"<p>Au pied de l&rsquo;\u00e9glise \u00e0 partir de 15h : ventre de fleurs de saison (pens\u00e9e, chrysanth\u00e8mes, &#8230;) par l&rsquo;horticulteur KNAB Christian d&rsquo;Hugier (70) Par la m\u00eame occasion, quelques stands seront pr\u00e9sents :le Club des anciens qui vendra un calendrier 2021 sur le th\u00e8me d&rsquo;Audeux d&rsquo;antan au profit du T\u00e9l\u00e9thon L&rsquo;assocaion ASUNOES-France de Chaucenne pour la &hellip; <\/p>\n<p class=\"link-more\"><a href=\"https:\/\/www.audeux.eu\/index.php\/2020\/10\/20\/samedi-24-octobre-vente-de-fleurs-de-saison\/\" class=\"more-link\">Continuer la lecture<span class=\"screen-reader-text\"> de &laquo;&nbsp;Samedi 24 octobre &#8211; Vente de fleurs de saison&nbsp;&raquo;<\/span><\/a><\/p>\n","protected":false},"author":2,"featured_media":0,"comment_status":"closed","ping_status":"open","sticky":false,"template":"","format":"standard","meta":[],"categories":[7,6],"tags":[],"post_folder":[],"_links":{"self":[{"href":"https:\/\/www.audeux.eu\/index.php\/wp-json\/wp\/v2\/posts\/232"}],"collection":[{"href":"https:\/\/www.audeux.eu\/index.php\/wp-json\/wp\/v2\/posts"}],"about":[{"href":"https:\/\/www.audeux.eu\/index.php\/wp-json\/wp\/v2\/types\/post"}],"author":[{"embeddable":true,"href":"https:\/\/www.audeux.eu\/index.php\/wp-json\/wp\/v2\/users\/2"}],"replies":[{"embeddable":true,"href":"https:\/\/www.audeux.eu\/index.php\/wp-json\/wp\/v2\/comments?post=232"}],"version-history":[{"count":3,"href":"https:\/\/www.audeux.eu\/index.php\/wp-json\/wp\/v2\/posts\/232\/revisions"}],"predecessor-version":[{"id":238,"href":"https:\/\/www.audeux.eu\/index.php\/wp-json\/wp\/v2\/posts\/232\/revisions\/238"}],"wp:attachment":[{"href":"https:\/\/www.audeux.eu\/index.php\/wp-json\/wp\/v2\/media?parent=232"}],"wp:term":[{"taxonomy":"category","embeddable":true,"href":"https:\/\/www.audeux.eu\/index.php\/wp-json\/wp\/v2\/categories?post=232"},{"taxonomy":"post_tag","embeddable":true,"href":"https:\/\/www.audeux.eu\/index.php\/wp-json\/wp\/v2\/tags?post=232"},{"taxonomy":"post_folder","embeddable":true,"href":"https:\/\/www.audeux.eu\/index.php\/wp-json\/wp\/v2\/post_folder?post=232"}],"curies":[{"name":"wp","href":"https:\/\/api.w.org\/{rel}","templated":true}]}}